{"id":84782,"date":"2025-08-14T11:22:46","date_gmt":"2025-08-14T09:22:46","guid":{"rendered":"https:\/\/www.babidibulibros.com\/?p=84782"},"modified":"2026-03-16T16:09:47","modified_gmt":"2026-03-16T15:09:47","slug":"10-libri-illustrati-da-portare-sotto-lombrellone","status":"publish","type":"post","link":"https:\/\/www.babidibulibros.com\/it\/blog\/10-libri-illustrati-da-portare-sotto-lombrellone\/","title":{"rendered":"\ud83c\udf1e 10 libri illustrati da portare sotto l\u2019ombrellone"},"content":{"rendered":"\n<p>(per bambini\u2026 e non solo!)<\/p>\n\n\n\n<p>Sabbia tra le dita, il profumo di salsedine, un frullato alla frutta e un buon libro tra le mani. Cosa manca? <\/p>\n\n\n\n<p>Magari una storia che faccia sorridere, riflettere o volare con la fantasia. Ecco perch\u00e8 abbiamo selezionato 10 titoli illustrati che sapranno accompagnare i vostri momenti di relax estivi, con trame brillanti e significati profondi. Da leggere da soli o insieme ai pi\u00f9 piccoli!<\/p>\n\n\n\n<p>Tra una granita e un tuffo, l\u2019estate \u00e8 il momento perfetto per leggere senza fretta. E se i bambini hanno finito la scuola, cosa c\u2019\u00e8 di meglio che offrirgli storie capaci di farli riflettere, ridere, sognare\u2026 e magari anche crescere?<\/p>\n\n\n\n<p>Ecco 10 titoli illustrati che uniscono bellezza, profondit\u00e0 e quel tocco magico che solo una buona storia sa dare. <\/p>\n\n\n\n<div style=\"height:50px\" aria-hidden=\"true\" class=\"wp-block-spacer\"><\/div>\n\n\n\n<div id=\"ez-toc-container\" class=\"ez-toc-v2_0_82_2 counter-hierarchy ez-toc-counter ez-toc-grey ez-toc-container-direction\">\n<p class=\"ez-toc-title\" style=\"cursor:inherit\">\u00cdndice del art\u00edculo<\/p>\n<label for=\"ez-toc-cssicon-toggle-item-69f4a7633aeab\" class=\"ez-toc-cssicon-toggle-label\"><span class=\"\"><span class=\"eztoc-hide\" style=\"display:none;\">Toggle<\/span><span class=\"ez-toc-icon-toggle-span\"><svg style=\"fill: #999;color:#999\" xmlns=\"http:\/\/www.w3.org\/2000\/svg\" class=\"list-377408\" width=\"20px\" height=\"20px\" viewBox=\"0 0 24 24\" fill=\"none\"><path d=\"M6 6H4v2h2V6zm14 0H8v2h12V6zM4 11h2v2H4v-2zm16 0H8v2h12v-2zM4 16h2v2H4v-2zm16 0H8v2h12v-2z\" fill=\"currentColor\"><\/path><\/svg><svg style=\"fill: #999;color:#999\" class=\"arrow-unsorted-368013\" xmlns=\"http:\/\/www.w3.org\/2000\/svg\" width=\"10px\" height=\"10px\" viewBox=\"0 0 24 24\" version=\"1.2\" baseProfile=\"tiny\"><path d=\"M18.2 9.3l-6.2-6.3-6.2 6.3c-.2.2-.3.4-.3.7s.1.5.3.7c.2.2.4.3.7.3h11c.3 0 .5-.1.7-.3.2-.2.3-.5.3-.7s-.1-.5-.3-.7zM5.8 14.7l6.2 6.3 6.2-6.3c.2-.2.3-.5.3-.7s-.1-.5-.3-.7c-.2-.2-.4-.3-.7-.3h-11c-.3 0-.5.1-.7.3-.2.2-.3.5-.3.7s.1.5.3.7z\"\/><\/svg><\/span><\/span><\/label><input type=\"checkbox\"  id=\"ez-toc-cssicon-toggle-item-69f4a7633aeab\"  aria-label=\"Toggle\" \/><nav><ul class='ez-toc-list ez-toc-list-level-1 ' ><li class='ez-toc-page-1 ez-toc-heading-level-2'><a class=\"ez-toc-link ez-toc-heading-1\" href=\"https:\/\/www.babidibulibros.com\/it\/blog\/10-libri-illustrati-da-portare-sotto-lombrellone\/#Scopriamoli\" >Scopriamoli!<\/a><\/li><li class='ez-toc-page-1 ez-toc-heading-level-2'><a class=\"ez-toc-link ez-toc-heading-2\" href=\"https:\/\/www.babidibulibros.com\/it\/blog\/10-libri-illustrati-da-portare-sotto-lombrellone\/#Il_Sole_e_il_Sole\" >Il Sole \u00e8 il Sole<\/a><\/li><li class='ez-toc-page-1 ez-toc-heading-level-2'><a class=\"ez-toc-link ez-toc-heading-3\" href=\"https:\/\/www.babidibulibros.com\/it\/blog\/10-libri-illustrati-da-portare-sotto-lombrellone\/#La_casa_di_Magada\" >La casa di Magad\u00e0<\/a><\/li><li class='ez-toc-page-1 ez-toc-heading-level-2'><a class=\"ez-toc-link ez-toc-heading-4\" href=\"https:\/\/www.babidibulibros.com\/it\/blog\/10-libri-illustrati-da-portare-sotto-lombrellone\/#Filastrocche_in_Suppergiu\" >Filastrocche in Suppergi\u00f9<\/a><\/li><li class='ez-toc-page-1 ez-toc-heading-level-2'><a class=\"ez-toc-link ez-toc-heading-5\" href=\"https:\/\/www.babidibulibros.com\/it\/blog\/10-libri-illustrati-da-portare-sotto-lombrellone\/#Lo_sai_come_e_veramente\" >Lo sai come \u00e8 veramente?<\/a><\/li><li class='ez-toc-page-1 ez-toc-heading-level-2'><a class=\"ez-toc-link ez-toc-heading-6\" href=\"https:\/\/www.babidibulibros.com\/it\/blog\/10-libri-illustrati-da-portare-sotto-lombrellone\/#Colorati_di_te\" >Colorati di te<\/a><ul class='ez-toc-list-level-3' ><li class='ez-toc-heading-level-3'><a class=\"ez-toc-link ez-toc-heading-7\" href=\"https:\/\/www.babidibulibros.com\/it\/blog\/10-libri-illustrati-da-portare-sotto-lombrellone\/#%F0%9F%90%BE_E_se_sotto_lombrellone_ci_fossero_anche%E2%80%A6_quattro_zampe\" >\ud83d\udc3e E se sotto l\u2019ombrellone ci fossero anche\u2026 quattro zampe?<\/a><\/li><\/ul><\/li><li class='ez-toc-page-1 ez-toc-heading-level-2'><a class=\"ez-toc-link ez-toc-heading-8\" href=\"https:\/\/www.babidibulibros.com\/it\/blog\/10-libri-illustrati-da-portare-sotto-lombrellone\/#Pisellino\" >Pisellino<\/a><\/li><li class='ez-toc-page-1 ez-toc-heading-level-2'><a class=\"ez-toc-link ez-toc-heading-9\" href=\"https:\/\/www.babidibulibros.com\/it\/blog\/10-libri-illustrati-da-portare-sotto-lombrellone\/#Occhiverdi_e_tornata\" >Occhiverdi \u00e8 tornata<\/a><\/li><li class='ez-toc-page-1 ez-toc-heading-level-2'><a class=\"ez-toc-link ez-toc-heading-10\" href=\"https:\/\/www.babidibulibros.com\/it\/blog\/10-libri-illustrati-da-portare-sotto-lombrellone\/#Polpetta\" >Polpetta<\/a><ul class='ez-toc-list-level-3' ><li class='ez-toc-heading-level-3'><a class=\"ez-toc-link ez-toc-heading-11\" href=\"https:\/\/www.babidibulibros.com\/it\/blog\/10-libri-illustrati-da-portare-sotto-lombrellone\/#E_se_invece_di_zampe_e_fusa_fossero_sogni_e_piccole_rivoluzioni_a_tenervi_compagnia\" >E se invece di zampe e fusa fossero sogni e piccole rivoluzioni a tenervi compagnia?<\/a><\/li><\/ul><\/li><li class='ez-toc-page-1 ez-toc-heading-level-2'><a class=\"ez-toc-link ez-toc-heading-12\" href=\"https:\/\/www.babidibulibros.com\/it\/blog\/10-libri-illustrati-da-portare-sotto-lombrellone\/#Viola_e_il_potere_dellamicizia\" >Viola e il potere dell\u2019amicizia<\/a><\/li><li class='ez-toc-page-1 ez-toc-heading-level-2'><a class=\"ez-toc-link ez-toc-heading-13\" href=\"https:\/\/www.babidibulibros.com\/it\/blog\/10-libri-illustrati-da-portare-sotto-lombrellone\/#Le_straordinarie_nonche_stravaganti_avventure_di_Super_Smemo\" >Le straordinarie nonch\u00e9 stravaganti avventure di Super Smemo<\/a><ul class='ez-toc-list-level-3' ><li class='ez-toc-heading-level-3'><a class=\"ez-toc-link ez-toc-heading-14\" href=\"https:\/\/www.babidibulibros.com\/it\/blog\/10-libri-illustrati-da-portare-sotto-lombrellone\/#%F0%9F%93%9A_Pronti_a_mettere_in_valigia_un_po_di_poesia_emozione_e_scoperta\" >\ud83d\udcda Pronti a mettere in valigia un po\u2019 di poesia, emozione e scoperta?<\/a><\/li><\/ul><\/li><\/ul><\/nav><\/div>\n<h2 class=\"wp-block-heading has-text-align-center\"><span class=\"ez-toc-section\" id=\"Scopriamoli\"><\/span>Scopriamoli!<span class=\"ez-toc-section-end\"><\/span><\/h2>\n\n\n\n<div style=\"height:50px\" aria-hidden=\"true\" class=\"wp-block-spacer\"><\/div>\n\n\n\n<div class=\"wp-block-media-text is-stacked-on-mobile\"><figure class=\"wp-block-media-text__media\"><img loading=\"lazy\" decoding=\"async\" width=\"1024\" height=\"1024\" src=\"https:\/\/www.babidibulibros.com\/wp-content\/uploads\/2025\/08\/articulo-1024x1024.png\" alt=\"\" class=\"wp-image-84798 size-medium\" srcset=\"https:\/\/www.babidibulibros.com\/wp-content\/uploads\/2025\/08\/articulo-1024x1024.png 1024w, https:\/\/www.babidibulibros.com\/wp-content\/uploads\/2025\/08\/articulo-300x300.png 300w, https:\/\/www.babidibulibros.com\/wp-content\/uploads\/2025\/08\/articulo-768x768.png 768w, https:\/\/www.babidibulibros.com\/wp-content\/uploads\/2025\/08\/articulo.png 1080w\" sizes=\"auto, (max-width: 1024px) 100vw, 1024px\" \/><\/figure><div class=\"wp-block-media-text__content\">\n<h2 class=\"wp-block-heading\"><span class=\"ez-toc-section\" id=\"Il_Sole_e_il_Sole\"><\/span>Il Sole \u00e8 il Sole<span class=\"ez-toc-section-end\"><\/span><\/h2>\n\n\n\n<p>\ud83d\udcd8 di Ilaria Orlandelli, illustrato da Pablo Pedraja Serrano<\/p>\n\n\n\n<p>Cosa succede quando anche il Sole si stanca di brillare? Una favola moderna che ci ricorda quanto sia importante guardarsi dentro e riconoscere il proprio valore, senza confronti o aspettative.<\/p>\n\n\n\n<p>\u2728 Realizzare se stessi \u00e8 il primo passo per illuminare anche gli altri.<\/p>\n\n\n\n<div class=\"wp-block-buttons is-layout-flex wp-block-buttons-is-layout-flex\">\n<div class=\"wp-block-button\"><a class=\"wp-block-button__link wp-element-button\" href=\"https:\/\/tienda.babidibulibros.com\/libro\/il-sole-e-il-sole_161795\/\">Scopri di pi\u00fa!<\/a><\/div>\n<\/div>\n<\/div><\/div>\n\n\n\n<div style=\"height:50px\" aria-hidden=\"true\" class=\"wp-block-spacer\"><\/div>\n\n\n\n<div class=\"wp-block-media-text has-media-on-the-right is-stacked-on-mobile\"><div class=\"wp-block-media-text__content\">\n<h2 class=\"wp-block-heading\"><span class=\"ez-toc-section\" id=\"La_casa_di_Magada\"><\/span>La casa di Magad\u00e0<span class=\"ez-toc-section-end\"><\/span><\/h2>\n\n\n\n<p>\ud83c\udfe1 di Barbara Saia, illustrato da Gaia Querini<\/p>\n\n\n\n<p>Un racconto delicato e potente, ambientato in Madagascar, dove Magad\u00e0 protegge la sua casa da un gigante\u2026 e da ci\u00f2 che rappresenta. Una storia sulla forza, la gentilezza e il diritto di difendere il proprio corpo e spazio.<\/p>\n\n\n\n<p>\u2728 Perch\u00e9 anche i piccoli hanno il diritto di essere ascoltati.<\/p>\n\n\n\n<div class=\"wp-block-buttons is-layout-flex wp-block-buttons-is-layout-flex\">\n<div class=\"wp-block-button\"><a class=\"wp-block-button__link wp-element-button\" href=\"https:\/\/tienda.babidibulibros.com\/libro\/la-casa-di-magada_161963\/\">Scopri di pi\u00fa!<\/a><\/div>\n<\/div>\n<\/div><figure class=\"wp-block-media-text__media\"><img loading=\"lazy\" decoding=\"async\" width=\"1024\" height=\"1024\" src=\"https:\/\/www.babidibulibros.com\/wp-content\/uploads\/2025\/08\/articulo-2-1024x1024.png\" alt=\"\" class=\"wp-image-84814 size-large\" srcset=\"https:\/\/www.babidibulibros.com\/wp-content\/uploads\/2025\/08\/articulo-2-1024x1024.png 1024w, https:\/\/www.babidibulibros.com\/wp-content\/uploads\/2025\/08\/articulo-2-300x300.png 300w, https:\/\/www.babidibulibros.com\/wp-content\/uploads\/2025\/08\/articulo-2-768x768.png 768w, https:\/\/www.babidibulibros.com\/wp-content\/uploads\/2025\/08\/articulo-2.png 1080w\" sizes=\"auto, (max-width: 1024px) 100vw, 1024px\" \/><\/figure><\/div>\n\n\n\n<div style=\"height:50px\" aria-hidden=\"true\" class=\"wp-block-spacer\"><\/div>\n\n\n\n<div class=\"wp-block-media-text is-stacked-on-mobile\"><figure class=\"wp-block-media-text__media\"><img loading=\"lazy\" decoding=\"async\" width=\"1024\" height=\"1024\" src=\"https:\/\/www.babidibulibros.com\/wp-content\/uploads\/2025\/08\/articulo-3-1024x1024.png\" alt=\"\" class=\"wp-image-84821 size-full\" srcset=\"https:\/\/www.babidibulibros.com\/wp-content\/uploads\/2025\/08\/articulo-3-1024x1024.png 1024w, https:\/\/www.babidibulibros.com\/wp-content\/uploads\/2025\/08\/articulo-3-300x300.png 300w, https:\/\/www.babidibulibros.com\/wp-content\/uploads\/2025\/08\/articulo-3-768x768.png 768w, https:\/\/www.babidibulibros.com\/wp-content\/uploads\/2025\/08\/articulo-3.png 1080w\" sizes=\"auto, (max-width: 1024px) 100vw, 1024px\" \/><\/figure><div class=\"wp-block-media-text__content\">\n<h2 class=\"wp-block-heading\"><span class=\"ez-toc-section\" id=\"Filastrocche_in_Suppergiu\"><\/span>Filastrocche in Suppergi\u00f9<span class=\"ez-toc-section-end\"><\/span><\/h2>\n\n\n\n<p>\ud83c\udfb6 di Onofrio De Lucia<\/p>\n\n\n\n<p>Rime in libert\u00e0 per raccontare le mille sfumature della vita: sogni, conflitti, solidariet\u00e0. Un libro che parla ai bambini\u2026 e anche agli adulti che vogliono ritrovare la loro voce interiore.<\/p>\n\n\n\n<p>\u2728 Ogni diversit\u00e0 \u00e8 una ricchezza: basta imparare ad ascoltarla.<\/p>\n\n\n\n<div class=\"wp-block-buttons is-layout-flex wp-block-buttons-is-layout-flex\">\n<div class=\"wp-block-button\"><a class=\"wp-block-button__link wp-element-button\" href=\"https:\/\/tienda.babidibulibros.com\/libro\/filastrocche-in-suppergiu_161110\/\">Scopri di pi\u00fa!<\/a><\/div>\n<\/div>\n<\/div><\/div>\n\n\n\n<div style=\"height:50px\" aria-hidden=\"true\" class=\"wp-block-spacer\"><\/div>\n\n\n\n<div class=\"wp-block-media-text has-media-on-the-right is-stacked-on-mobile\"><div class=\"wp-block-media-text__content\">\n<h2 class=\"wp-block-heading\"><span class=\"ez-toc-section\" id=\"Lo_sai_come_e_veramente\"><\/span>Lo sai come \u00e8 veramente?<span class=\"ez-toc-section-end\"><\/span><\/h2>\n\n\n\n<p>\ud83c\udf0d di Nonna Lucia, illustrato da Klara S\u00e1nchez<\/p>\n\n\n\n<p>Mucche, conchiglie e perfino batteri: ogni cosa ha una storia nascosta. Basta immaginare. In queste favole vivono magia, parole che brillano e mondi invisibili.<\/p>\n\n\n\n<p>\u2728 Perch\u00e9 il linguaggio dei bambini \u00e8 il pi\u00f9 vero che ci sia.<\/p>\n\n\n\n<div class=\"wp-block-buttons is-layout-flex wp-block-buttons-is-layout-flex\">\n<div class=\"wp-block-button\"><a class=\"wp-block-button__link wp-element-button\" href=\"https:\/\/tienda.babidibulibros.com\/libro\/lo-sai-come-e-veramente_161326\/\">Scopri di pi\u00fa!<\/a><\/div>\n<\/div>\n<\/div><figure class=\"wp-block-media-text__media\"><img loading=\"lazy\" decoding=\"async\" width=\"1024\" height=\"1024\" src=\"https:\/\/www.babidibulibros.com\/wp-content\/uploads\/2025\/08\/articulo-4-1024x1024.png\" alt=\"\" class=\"wp-image-84826 size-full\" srcset=\"https:\/\/www.babidibulibros.com\/wp-content\/uploads\/2025\/08\/articulo-4-1024x1024.png 1024w, https:\/\/www.babidibulibros.com\/wp-content\/uploads\/2025\/08\/articulo-4-300x300.png 300w, https:\/\/www.babidibulibros.com\/wp-content\/uploads\/2025\/08\/articulo-4-768x768.png 768w, https:\/\/www.babidibulibros.com\/wp-content\/uploads\/2025\/08\/articulo-4.png 1080w\" sizes=\"auto, (max-width: 1024px) 100vw, 1024px\" \/><\/figure><\/div>\n\n\n\n<div style=\"height:50px\" aria-hidden=\"true\" class=\"wp-block-spacer\"><\/div>\n\n\n\n<div class=\"wp-block-media-text is-stacked-on-mobile\"><figure class=\"wp-block-media-text__media\"><img loading=\"lazy\" decoding=\"async\" width=\"1024\" height=\"1024\" src=\"https:\/\/www.babidibulibros.com\/wp-content\/uploads\/2025\/08\/articulo-5-1024x1024.png\" alt=\"\" class=\"wp-image-84838 size-full\" srcset=\"https:\/\/www.babidibulibros.com\/wp-content\/uploads\/2025\/08\/articulo-5-1024x1024.png 1024w, https:\/\/www.babidibulibros.com\/wp-content\/uploads\/2025\/08\/articulo-5-300x300.png 300w, https:\/\/www.babidibulibros.com\/wp-content\/uploads\/2025\/08\/articulo-5-768x768.png 768w, https:\/\/www.babidibulibros.com\/wp-content\/uploads\/2025\/08\/articulo-5.png 1080w\" sizes=\"auto, (max-width: 1024px) 100vw, 1024px\" \/><\/figure><div class=\"wp-block-media-text__content\">\n<h2 class=\"wp-block-heading\"><span class=\"ez-toc-section\" id=\"Colorati_di_te\"><\/span>Colorati di te<span class=\"ez-toc-section-end\"><\/span><\/h2>\n\n\n\n<p>\ud83c\udf08 di Lisa Filipuzzi, illustrato da Mel Zohar<\/p>\n\n\n\n<p>Personaggi curiosi, ingegnosi e unici scoprono il valore di essere s\u00e9 stessi, di accettare e amare la propria diversit\u00e0. Una raccolta di racconti che celebra la libert\u00e0 di pensiero, la curiosit\u00e0 e la forza di fare squadra.<\/p>\n\n\n\n<p>\u2728 Perch\u00e9 ogni bambino ha un colore speciale da mostrare al mondo.<\/p>\n<\/div><\/div>\n\n\n\n<div style=\"height:50px\" aria-hidden=\"true\" class=\"wp-block-spacer\"><\/div>\n\n\n\n<h3 class=\"wp-block-heading has-text-align-center\"><span class=\"ez-toc-section\" id=\"%F0%9F%90%BE_E_se_sotto_lombrellone_ci_fossero_anche%E2%80%A6_quattro_zampe\"><\/span>\ud83d\udc3e E se sotto l\u2019ombrellone ci fossero anche\u2026 quattro zampe?<span class=\"ez-toc-section-end\"><\/span><\/h3>\n\n\n\n<p class=\"has-text-align-center\"><br>Gli animali sono protagonisti di tre storie illustrate che toccano il cuore e insegnano il valore dell\u2019amicizia, della cura e della fiducia.<\/p>\n\n\n\n<div style=\"height:50px\" aria-hidden=\"true\" class=\"wp-block-spacer\"><\/div>\n\n\n\n<div class=\"wp-block-media-text has-media-on-the-right is-stacked-on-mobile\"><div class=\"wp-block-media-text__content\">\n<h2 class=\"wp-block-heading\"><span class=\"ez-toc-section\" id=\"Pisellino\"><\/span><em>Pisellino<\/em><span class=\"ez-toc-section-end\"><\/span><\/h2>\n\n\n\n<p>\ud83d\udc31 di Silvia Salustri, illustrato da Rocco Casulli<\/p>\n\n\n\n<p>Pisellino \u00e8 un gatto stralunato, silenzioso e un po\u2019 schivo. Ma chi non si \u00e8 mai sentito fuori posto almeno una volta? Un libro tenero e ironico, che parla con semplicit\u00e0 della ricerca del proprio posto nel mondo.<\/p>\n\n\n\n<p>\u2728 Per tutti quelli che stanno ancora imparando a fidarsi.<br><\/p>\n\n\n\n<div class=\"wp-block-buttons is-layout-flex wp-block-buttons-is-layout-flex\">\n<div class=\"wp-block-button\"><a class=\"wp-block-button__link wp-element-button\" href=\"https:\/\/tienda.babidibulibros.com\/it\/libro\/pisellino_160509\/\">Scopri di pi\u00fa!<\/a><\/div>\n<\/div>\n<\/div><figure class=\"wp-block-media-text__media\"><img loading=\"lazy\" decoding=\"async\" width=\"1024\" height=\"1024\" src=\"https:\/\/www.babidibulibros.com\/wp-content\/uploads\/2025\/08\/articulo-6-1024x1024.png\" alt=\"\" class=\"wp-image-84843 size-full\" srcset=\"https:\/\/www.babidibulibros.com\/wp-content\/uploads\/2025\/08\/articulo-6-1024x1024.png 1024w, https:\/\/www.babidibulibros.com\/wp-content\/uploads\/2025\/08\/articulo-6-300x300.png 300w, https:\/\/www.babidibulibros.com\/wp-content\/uploads\/2025\/08\/articulo-6-768x768.png 768w, https:\/\/www.babidibulibros.com\/wp-content\/uploads\/2025\/08\/articulo-6.png 1080w\" sizes=\"auto, (max-width: 1024px) 100vw, 1024px\" \/><\/figure><\/div>\n\n\n\n<div style=\"height:50px\" aria-hidden=\"true\" class=\"wp-block-spacer\"><\/div>\n\n\n\n<div class=\"wp-block-media-text is-stacked-on-mobile\"><figure class=\"wp-block-media-text__media\"><img loading=\"lazy\" decoding=\"async\" width=\"1024\" height=\"1024\" src=\"https:\/\/www.babidibulibros.com\/wp-content\/uploads\/2025\/08\/articulo-8-1024x1024.png\" alt=\"\" class=\"wp-image-84848 size-full\" srcset=\"https:\/\/www.babidibulibros.com\/wp-content\/uploads\/2025\/08\/articulo-8-1024x1024.png 1024w, https:\/\/www.babidibulibros.com\/wp-content\/uploads\/2025\/08\/articulo-8-300x300.png 300w, https:\/\/www.babidibulibros.com\/wp-content\/uploads\/2025\/08\/articulo-8-768x768.png 768w, https:\/\/www.babidibulibros.com\/wp-content\/uploads\/2025\/08\/articulo-8.png 1080w\" sizes=\"auto, (max-width: 1024px) 100vw, 1024px\" \/><\/figure><div class=\"wp-block-media-text__content\">\n<h2 class=\"wp-block-heading\"><span class=\"ez-toc-section\" id=\"Occhiverdi_e_tornata\"><\/span>Occhiverdi \u00e8 tornata<span class=\"ez-toc-section-end\"><\/span><\/h2>\n\n\n\n<p>\ud83d\udc08 di Maria Ausilia Mancini, illustrato da Giada Luccherini<\/p>\n\n\n\n<p>Occhiverdi \u00e8 una gattina ferita nei sentimenti, che ha imparato a non fidarsi. Ma una voce gentile bussa alla sua porta\u2026 e anche se all\u2019inizio fa fatica, piano piano riscopre il potere dell\u2019affetto e della fiducia.<\/p>\n\n\n\n<p>\u2728 Perch\u00e9 solo chi ama davvero sa anche aspettare.<\/p>\n\n\n\n<div class=\"wp-block-buttons is-layout-flex wp-block-buttons-is-layout-flex\">\n<div class=\"wp-block-button\"><a class=\"wp-block-button__link wp-element-button\" href=\"https:\/\/tienda.babidibulibros.com\/it\/libro\/pisellino_160509\/\">Scopri di pi\u00fa!<\/a><\/div>\n<\/div>\n<\/div><\/div>\n\n\n\n<div style=\"height:50px\" aria-hidden=\"true\" class=\"wp-block-spacer\"><\/div>\n\n\n\n<div class=\"wp-block-media-text has-media-on-the-right is-stacked-on-mobile\"><div class=\"wp-block-media-text__content\">\n<h2 class=\"wp-block-heading\"><span class=\"ez-toc-section\" id=\"Polpetta\"><\/span>Polpetta<span class=\"ez-toc-section-end\"><\/span><\/h2>\n\n\n\n<p>\ud83d\udc3e di Carlotta B., illustrato da Cinzia Zullo<\/p>\n\n\n\n<p>Polpetta \u00e8 una micetta bianca salvata da due fratelli pieni di entusiasmo. Diventa subito parte della famiglia, portando allegria\u2026 ma anche qualche guaio! Una storia divertente e affettuosa che parla di responsabilit\u00e0 e amore verso gli animali.<\/p>\n\n\n\n<p>\u2728 Un amico a quattro zampe \u00e8 per la vita. E riempie ogni giornata di fusa.<\/p>\n\n\n\n<div class=\"wp-block-buttons is-layout-flex wp-block-buttons-is-layout-flex\">\n<div class=\"wp-block-button\"><a class=\"wp-block-button__link wp-element-button\" href=\"https:\/\/tienda.babidibulibros.com\/libro\/polpetta_162552\/\">Scopri di pi\u00fa!<\/a><\/div>\n<\/div>\n<\/div><figure class=\"wp-block-media-text__media\"><img loading=\"lazy\" decoding=\"async\" width=\"1024\" height=\"1024\" src=\"https:\/\/www.babidibulibros.com\/wp-content\/uploads\/2025\/08\/articulo-7-1024x1024.png\" alt=\"\" class=\"wp-image-84853 size-full\" srcset=\"https:\/\/www.babidibulibros.com\/wp-content\/uploads\/2025\/08\/articulo-7-1024x1024.png 1024w, https:\/\/www.babidibulibros.com\/wp-content\/uploads\/2025\/08\/articulo-7-300x300.png 300w, https:\/\/www.babidibulibros.com\/wp-content\/uploads\/2025\/08\/articulo-7-768x768.png 768w, https:\/\/www.babidibulibros.com\/wp-content\/uploads\/2025\/08\/articulo-7.png 1080w\" sizes=\"auto, (max-width: 1024px) 100vw, 1024px\" \/><\/figure><\/div>\n\n\n\n<div style=\"height:50px\" aria-hidden=\"true\" class=\"wp-block-spacer\"><\/div>\n\n\n\n<h3 class=\"wp-block-heading has-text-align-center\"><span class=\"ez-toc-section\" id=\"E_se_invece_di_zampe_e_fusa_fossero_sogni_e_piccole_rivoluzioni_a_tenervi_compagnia\"><\/span>E se invece di zampe e fusa fossero sogni e piccole rivoluzioni a tenervi compagnia?<span class=\"ez-toc-section-end\"><\/span><\/h3>\n\n\n\n<p class=\"has-text-align-center\"><br>Ci sono libri che sfuggono a ogni etichetta, nati per sorprendere e perfetti per bambini curiosi.<\/p>\n\n\n\n<p class=\"has-text-align-center\">\u2728 <em>Perch\u00e9 la vera rivoluzione, a volte, \u00e8 sfogliare una pagina diversa da tutte le altre.<\/em><\/p>\n\n\n\n<div style=\"height:50px\" aria-hidden=\"true\" class=\"wp-block-spacer\"><\/div>\n\n\n\n<div class=\"wp-block-media-text is-stacked-on-mobile\"><figure class=\"wp-block-media-text__media\"><img loading=\"lazy\" decoding=\"async\" width=\"1024\" height=\"1024\" src=\"https:\/\/www.babidibulibros.com\/wp-content\/uploads\/2025\/08\/articulo-9-1024x1024.png\" alt=\"\" class=\"wp-image-84858 size-full\" srcset=\"https:\/\/www.babidibulibros.com\/wp-content\/uploads\/2025\/08\/articulo-9-1024x1024.png 1024w, https:\/\/www.babidibulibros.com\/wp-content\/uploads\/2025\/08\/articulo-9-300x300.png 300w, https:\/\/www.babidibulibros.com\/wp-content\/uploads\/2025\/08\/articulo-9-768x768.png 768w, https:\/\/www.babidibulibros.com\/wp-content\/uploads\/2025\/08\/articulo-9.png 1080w\" sizes=\"auto, (max-width: 1024px) 100vw, 1024px\" \/><\/figure><div class=\"wp-block-media-text__content\">\n<h2 class=\"wp-block-heading\"><span class=\"ez-toc-section\" id=\"Viola_e_il_potere_dellamicizia\"><\/span>Viola e il potere dell\u2019amicizia<span class=\"ez-toc-section-end\"><\/span><\/h2>\n\n\n\n<p>\ud83d\udc9c di Roberta Battini, illustrato da Rodrigo Raposo<\/p>\n\n\n\n<p>Viola, con l\u2019aiuto della Fata della Luna, affronta un incantesimo che sta facendo scomparire l\u2019amicizia tra i bambini. Un viaggio magico che insegna il valore della fiducia, della collaborazione e della gioia di stare insieme.<\/p>\n\n\n\n<p>\u2728 Perch\u00e9 un amico vero \u00e8 un tesoro che illumina anche i giorni pi\u00f9 bui.<\/p>\n\n\n\n<div class=\"wp-block-buttons is-layout-flex wp-block-buttons-is-layout-flex\">\n<div class=\"wp-block-button\"><a class=\"wp-block-button__link wp-element-button\" href=\"https:\/\/tienda.babidibulibros.com\/libro\/viola-e-il-potere-dellamicizia_162427\/\">Scopri di pi\u00fa!<\/a><\/div>\n<\/div>\n<\/div><\/div>\n\n\n\n<div style=\"height:50px\" aria-hidden=\"true\" class=\"wp-block-spacer\"><\/div>\n\n\n\n<div class=\"wp-block-media-text has-media-on-the-right is-stacked-on-mobile\"><div class=\"wp-block-media-text__content\">\n<h2 class=\"wp-block-heading\"><span class=\"ez-toc-section\" id=\"Le_straordinarie_nonche_stravaganti_avventure_di_Super_Smemo\"><\/span>Le straordinarie nonch\u00e9 stravaganti avventure di Super Smemo<span class=\"ez-toc-section-end\"><\/span><\/h2>\n\n\n\n<p>\ud83d\ude80 di Dario Poppi<\/p>\n\n\n\n<p>Quattro racconti divertenti e avventurosi con protagonista Lello, detto \u201cSmemo\u201d: un uomo sbadato ma onesto, che tra distrazioni e colpi di fortuna riesce sempre a fare la cosa giusta. Una lettura che celebra umilt\u00e0, solidariet\u00e0 e il sogno di un mondo migliore.<\/p>\n\n\n\n<p>\u2728 Perch\u00e9 a volte i veri eroi sono quelli che non si prendono troppo sul serio.<\/p>\n\n\n\n<div class=\"wp-block-buttons is-layout-flex wp-block-buttons-is-layout-flex\">\n<div class=\"wp-block-button\"><a class=\"wp-block-button__link wp-element-button\" href=\"https:\/\/tienda.babidibulibros.com\/libro\/le-straordinarie-nonche-stravaganti-avventure-di-super-smemo_161860\/\">Scopri di pi\u00fa!<\/a><\/div>\n<\/div>\n<\/div><figure class=\"wp-block-media-text__media\"><img loading=\"lazy\" decoding=\"async\" width=\"1024\" height=\"1024\" src=\"https:\/\/www.babidibulibros.com\/wp-content\/uploads\/2025\/08\/articulo-10-1024x1024.png\" alt=\"\" class=\"wp-image-84863 size-full\" srcset=\"https:\/\/www.babidibulibros.com\/wp-content\/uploads\/2025\/08\/articulo-10-1024x1024.png 1024w, https:\/\/www.babidibulibros.com\/wp-content\/uploads\/2025\/08\/articulo-10-300x300.png 300w, https:\/\/www.babidibulibros.com\/wp-content\/uploads\/2025\/08\/articulo-10-768x768.png 768w, https:\/\/www.babidibulibros.com\/wp-content\/uploads\/2025\/08\/articulo-10.png 1080w\" sizes=\"auto, (max-width: 1024px) 100vw, 1024px\" \/><\/figure><\/div>\n\n\n\n<div style=\"height:50px\" aria-hidden=\"true\" class=\"wp-block-spacer\"><\/div>\n\n\n\n<h3 class=\"wp-block-heading has-text-align-center\"><span class=\"ez-toc-section\" id=\"%F0%9F%93%9A_Pronti_a_mettere_in_valigia_un_po_di_poesia_emozione_e_scoperta\"><\/span>\ud83d\udcda Pronti a mettere in valigia un po\u2019 di poesia, emozione e scoperta?<span class=\"ez-toc-section-end\"><\/span><\/h3>\n\n\n\n<div style=\"height:20px\" aria-hidden=\"true\" class=\"wp-block-spacer\"><\/div>\n\n\n\n<p class=\"has-text-align-center has-medium-font-size\">Con questi 10 titoli BABIDI-B\u00da, l\u2019estate diventa un\u2019occasione per imparare ad ascoltare, a raccontare\u2026 e a guardare il mondo con occhi nuovi.<\/p>\n\n\n\n<p><\/p>\n","protected":false},"excerpt":{"rendered":"<p>(per bambini\u2026 e non solo!) Sabbia tra le dita, il profumo di salsedine, un frullato alla frutta e un buon [&hellip;]<\/p>\n","protected":false},"author":22,"featured_media":83289,"comment_status":"open","ping_status":"open","sticky":false,"template":"","format":"standard","meta":{"_acf_changed":false,"content-type":"","footnotes":""},"categories":[32],"tags":[],"class_list":["post-84782","post","type-post","status-publish","format-standard","has-post-thumbnail","hentry","category-non-categorizzato"],"acf":[],"_links":{"self":[{"href":"https:\/\/www.babidibulibros.com\/it\/wp-json\/wp\/v2\/posts\/84782","targetHints":{"allow":["GET"]}}],"collection":[{"href":"https:\/\/www.babidibulibros.com\/it\/wp-json\/wp\/v2\/posts"}],"about":[{"href":"https:\/\/www.babidibulibros.com\/it\/wp-json\/wp\/v2\/types\/post"}],"author":[{"embeddable":true,"href":"https:\/\/www.babidibulibros.com\/it\/wp-json\/wp\/v2\/users\/22"}],"replies":[{"embeddable":true,"href":"https:\/\/www.babidibulibros.com\/it\/wp-json\/wp\/v2\/comments?post=84782"}],"version-history":[{"count":2,"href":"https:\/\/www.babidibulibros.com\/it\/wp-json\/wp\/v2\/posts\/84782\/revisions"}],"predecessor-version":[{"id":84875,"href":"https:\/\/www.babidibulibros.com\/it\/wp-json\/wp\/v2\/posts\/84782\/revisions\/84875"}],"wp:featuredmedia":[{"embeddable":true,"href":"https:\/\/www.babidibulibros.com\/it\/wp-json\/wp\/v2\/media\/83289"}],"wp:attachment":[{"href":"https:\/\/www.babidibulibros.com\/it\/wp-json\/wp\/v2\/media?parent=84782"}],"wp:term":[{"taxonomy":"category","embeddable":true,"href":"https:\/\/www.babidibulibros.com\/it\/wp-json\/wp\/v2\/categories?post=84782"},{"taxonomy":"post_tag","embeddable":true,"href":"https:\/\/www.babidibulibros.com\/it\/wp-json\/wp\/v2\/tags?post=84782"}],"curies":[{"name":"wp","href":"https:\/\/api.w.org\/{rel}","templated":true}]}}