{"id":87113,"date":"2025-12-03T12:34:20","date_gmt":"2025-12-03T11:34:20","guid":{"rendered":"https:\/\/www.babidibulibros.com\/blog\/la-posizione-di-babidi-bu-sulluso-dellintelligenza-artificiale-nella-creazione-editoriale\/"},"modified":"2026-03-25T17:05:45","modified_gmt":"2026-03-25T16:05:45","slug":"la-posizione-di-babidi-bu-sulluso-dellintelligenza-artificiale-nella-creazione-editoriale","status":"publish","type":"post","link":"https:\/\/www.babidibulibros.com\/it\/blog\/la-posizione-di-babidi-bu-sulluso-dellintelligenza-artificiale-nella-creazione-editoriale\/","title":{"rendered":"La posizione di BABIDI-B\u00da sull&#8217;uso dell&#8217;intelligenza artificiale nella creazione editoriale"},"content":{"rendered":"\n<p>Su <a href=\"http:\/\/babidibulibros.com\" data-type=\"link\" data-id=\"babidibulibros.com\" target=\"_blank\" rel=\"noreferrer noopener\"><strong>BABIDI-B\u00da<\/strong><\/a> abbiamo osservato da vicino l&#8217;evoluzione di queste tecnologie per anni. Abbiamo accompagnato i nostri lettori pubblicando titoli che ci invitano a riflettere sul mondo che verr\u00e0, un mondo in cui creativit\u00e0, etica e innovazione saranno sempre pi\u00f9 intrecciate. Tuttavia, abbiamo anche dedicato del tempo a riflettere su cosa significhino questi strumenti per noi come editore indipendente, con un <strong>forte impegno nei confronti della letteratura per bambini e giovani adulti e del lavoro dei nostri autori e illustratori.<\/strong>  <\/p>\n\n<p>Non si tratta di un dibattito isolato, n\u00e9 di un&#8217;esclusiva della nostra casa editrice. L&#8217;intero settore editoriale sta rivedendo il proprio rapporto con le intelligenze generative, dai grandi gruppi agli editori indipendenti come il nostro. Le voci specializzate ci mettono in guardia dai rischi professionali, dai dilemmi etici e dalle scappatoie legali. Ma ci sono anche posizioni pi\u00f9 aperte all&#8217;uso responsabile di queste nuove tecnologie emergenti che sono qui per restare, come i computer un giorno e internet un altro. O il design digitale che ha sostituito in larga misura l&#8217;illustrazione tradizionale ad acquerello molto tempo fa. Tutte queste posizioni sono valide e fanno parte di un dibattito necessario, che stiamo seguendo da vicino e che contribuir\u00e0 a definire il futuro creativo e professionale del libro.     <br\/><br\/>Oggi vogliamo condividere la nostra visione iniziale, consapevoli che si tratta di un settore in continua trasformazione e che le nostre politiche dovranno adattarsi al progredire del dialogo sociale e professionale.<\/p>\n\n<h2 class=\"wp-block-heading\">1. La creativit\u00e0 umana \u00e8 al centro del nostro progetto<\/h2>\n\n<p>BABIDI-B\u00da \u00e8 nata per dare voce a chi trasforma l&#8217;immaginazione in storie capaci di commuovere, educare e accompagnare i pi\u00f9 piccoli. Ma i nostri libri sono anche strumenti per chi li scrive e per chi li legge. Crediamo fermamente nel lavoro delle persone: nelle mani che scrivono e disegnano, nelle menti che immaginano, negli occhi che guardano, nella sensibilit\u00e0 unica di ogni autore e illustratore e nelle emozioni dei nostri lettori. Niente pu\u00f2 sostituire tutto questo.   <\/p>\n\n<h2 class=\"wp-block-heading\">2. Difendiamo il lavoro e i diritti di chi crea<\/h2>\n\n<p>Il nostro lavoro si basa su una premessa essenziale: proteggere e rispettare il lavoro creativo. Continueremo a rafforzare i nostri processi per garantire che ogni opera pubblicata soddisfi gli standard etici e legali che sosteniamo. Ci impegniamo inoltre a stabilire meccanismi pi\u00f9 chiari per identificare e comunicare l&#8217;uso di strumenti digitali avanzati quando fanno parte del processo creativo.  <\/p>\n\n<h2 class=\"wp-block-heading\">3. Siamo a favore dell&#8217;innovazione, ma con criteri e trasparenza<\/h2>\n\n<p>La tecnologia pu\u00f2 portare valore: ottimizzando i flussi di lavoro e facilitando le attivit\u00e0 tecniche. Esploriamo sempre queste opportunit\u00e0 con cautela, rispetto e responsabilit\u00e0 e mettiamo in campo tutti i nostri mezzi umani per dare priorit\u00e0 all&#8217;impatto che possono avere sui nostri lettori, autori e artisti. Scegliamo di andare avanti, di testare, di imparare da eventuali errori e di evolverci in modo responsabile. Crediamo che la letteratura non si impoverisca esplorando nuovi modi di creare.   <\/p>\n\n<p>Sappiamo che questo tema suscita sensibilit\u00e0 e che la conversazione \u00e8 tutt&#8217;altro che chiusa. Vogliamo trasmettere un messaggio chiaro: <strong>ogni libro che porta il marchio BABIDI-B\u00da \u00e8 accompagnato e supervisionato da un team impegnato<\/strong>, dalla sua ideazione fino all&#8217;arrivo nelle mani di famiglie e insegnanti. Questa dedizione rimarr\u00e0 al centro di ci\u00f2 che siamo. In breve: in BABIDI-B\u00da <strong>continuiamo ad avere fiducia nelle persone, come sempre<\/strong>. Crediamo semplicemente nell&#8217;integrazione responsabile e tempestiva di nuovi strumenti.    <\/p>\n\n<p>Siamo grati per tutti i messaggi ricevuti, da quelli pi\u00f9 critici a quelli pi\u00f9 riflessivi e costruttivi. Ci aiutano a continuare a sviluppare e promuovere una letteratura per bambini e ragazzi responsabile ed etica, in <strong>linea con le sfide culturali del nostro tempo<\/strong>, il tempo in cui viviamo e nessun altro. <\/p>\n\n<p>Continueremo a comunicare in modo trasparente i passi che faremo in quest&#8217;area.<\/p>\n\n<p><strong>Editoriale BABIDI-B\u00da<\/strong><\/p>\n\n<p><\/p>\n","protected":false},"excerpt":{"rendered":"<p>Su BABIDI-B\u00da abbiamo osservato da vicino l&#8217;evoluzione di queste tecnologie per anni. Abbiamo accompagnato i nostri lettori pubblicando titoli che [&hellip;]<\/p>\n","protected":false},"author":9,"featured_media":86202,"comment_status":"open","ping_status":"open","sticky":false,"template":"","format":"standard","meta":{"_acf_changed":false,"content-type":"","footnotes":""},"categories":[230],"tags":[234,235],"class_list":["post-87113","post","type-post","status-publish","format-standard","has-post-thumbnail","hentry","category-articoli-in-evidenza","tag-babidi-bu","tag-casa-editrice-per-bambini-e-ragazzi"],"acf":[],"_links":{"self":[{"href":"https:\/\/www.babidibulibros.com\/it\/wp-json\/wp\/v2\/posts\/87113","targetHints":{"allow":["GET"]}}],"collection":[{"href":"https:\/\/www.babidibulibros.com\/it\/wp-json\/wp\/v2\/posts"}],"about":[{"href":"https:\/\/www.babidibulibros.com\/it\/wp-json\/wp\/v2\/types\/post"}],"author":[{"embeddable":true,"href":"https:\/\/www.babidibulibros.com\/it\/wp-json\/wp\/v2\/users\/9"}],"replies":[{"embeddable":true,"href":"https:\/\/www.babidibulibros.com\/it\/wp-json\/wp\/v2\/comments?post=87113"}],"version-history":[{"count":4,"href":"https:\/\/www.babidibulibros.com\/it\/wp-json\/wp\/v2\/posts\/87113\/revisions"}],"predecessor-version":[{"id":87665,"href":"https:\/\/www.babidibulibros.com\/it\/wp-json\/wp\/v2\/posts\/87113\/revisions\/87665"}],"wp:featuredmedia":[{"embeddable":true,"href":"https:\/\/www.babidibulibros.com\/it\/wp-json\/wp\/v2\/media\/86202"}],"wp:attachment":[{"href":"https:\/\/www.babidibulibros.com\/it\/wp-json\/wp\/v2\/media?parent=87113"}],"wp:term":[{"taxonomy":"category","embeddable":true,"href":"https:\/\/www.babidibulibros.com\/it\/wp-json\/wp\/v2\/categories?post=87113"},{"taxonomy":"post_tag","embeddable":true,"href":"https:\/\/www.babidibulibros.com\/it\/wp-json\/wp\/v2\/tags?post=87113"}],"curies":[{"name":"wp","href":"https:\/\/api.w.org\/{rel}","templated":true}]}}